                {"id":75992,"date":"2026-09-03T21:25:33","date_gmt":"2026-09-03T21:25:33","guid":{"rendered":"https:\/\/lagacetadealmeria.com\/?p=75992"},"modified":"2026-09-03T21:25:34","modified_gmt":"2026-09-03T21:25:34","slug":"obras-en-autovia-a-92-t-t-m-m-viator-y-pechina","status":"publish","type":"post","link":"https:\/\/lagacetadealmeria.com\/?p=75992","title":{"rendered":"Obras en autov\u00eda A-92 T.T.M.M. Viator y Pechina"},"content":{"rendered":"\n<p class=\"wp-block-paragraph\">La Jefatura Provincial de Tr\u00e1fico informa que se van a llevar a cabo obras o trabajos de mantenimiento, salvo causa de fuerza mayor, en la autov\u00eda <strong>A-92<\/strong> entre losPPKK 390+000 a 392+300 (T.T.M.M. Viator y Pechina) en sentido creciente se realizar\u00e1 el cierre del carril derecho.<\/p>\n\n\n\n<p class=\"wp-block-paragraph\">&nbsp;Los trabajos est\u00e1n previstos desde las 13:00h del d\u00eda 4 de septiembre hasta las 13:00h del d\u00eda 18 de septiembre.<\/p>\n\n\n\n<p class=\"wp-block-paragraph\">Para una informaci\u00f3n actualizada puede consultar en el mapa de estado del tr\u00e1fico e incidencias de la DGT: <a href=\"https:\/\/etraffic.dgt.es\/etrafficWEB\/\">https:\/\/etraffic.dgt.es\/etrafficWEB\/<\/a><\/p>\n","protected":false},"excerpt":{"rendered":"<p>La Jefatura Provincial de Tr\u00e1fico informa que se van a llevar a cabo obras o&#8230;<\/p>\n","protected":false},"author":12,"featured_media":1376,"comment_status":"open","ping_status":"open","sticky":false,"template":"","format":"standard","meta":{"advanced_seo_description":"","jetpack_seo_html_title":"","jetpack_seo_noindex":false,"jetpack_seo_schema_type":"","_jetpack_newsletter_access":"","_jetpack_dont_email_post_to_subs":false,"_jetpack_newsletter_tier_id":0,"_jetpack_memberships_contains_paywalled_content":false,"_jetpack_feature_clip_id":0,"_jetpack_memberships_contains_paid_content":false,"footnotes":"","jetpack_post_was_ever_published":false},"categories":[37],"tags":[],"class_list":["post-75992","post","type-post","status-publish","format-standard","has-post-thumbnail","hentry","category-provincia"],"jetpack_sharing_enabled":true,"jetpack-related-posts":[],"amp_enabled":true,"jetpack_featured_media_url":"https:\/\/lagacetadealmeria.com\/wp-content\/uploads\/2024\/11\/Autovia-A-7-Viator.jpg","_links":{"self":[{"href":"https:\/\/lagacetadealmeria.com\/index.php?rest_route=\/wp\/v2\/posts\/75992","targetHints":{"allow":["GET"]}}],"collection":[{"href":"https:\/\/lagacetadealmeria.com\/index.php?rest_route=\/wp\/v2\/posts"}],"about":[{"href":"https:\/\/lagacetadealmeria.com\/index.php?rest_route=\/wp\/v2\/types\/post"}],"author":[{"embeddable":true,"href":"https:\/\/lagacetadealmeria.com\/index.php?rest_route=\/wp\/v2\/users\/12"}],"replies":[{"embeddable":true,"href":"https:\/\/lagacetadealmeria.com\/index.php?rest_route=%2Fwp%2Fv2%2Fcomments&post=75992"}],"version-history":[{"count":1,"href":"https:\/\/lagacetadealmeria.com\/index.php?rest_route=\/wp\/v2\/posts\/75992\/revisions"}],"predecessor-version":[{"id":75993,"href":"https:\/\/lagacetadealmeria.com\/index.php?rest_route=\/wp\/v2\/posts\/75992\/revisions\/75993"}],"wp:featuredmedia":[{"embeddable":true,"href":"https:\/\/lagacetadealmeria.com\/index.php?rest_route=\/wp\/v2\/media\/1376"}],"wp:attachment":[{"href":"https:\/\/lagacetadealmeria.com\/index.php?rest_route=%2Fwp%2Fv2%2Fmedia&parent=75992"}],"wp:term":[{"taxonomy":"category","embeddable":true,"href":"https:\/\/lagacetadealmeria.com\/index.php?rest_route=%2Fwp%2Fv2%2Fcategories&post=75992"},{"taxonomy":"post_tag","embeddable":true,"href":"https:\/\/lagacetadealmeria.com\/index.php?rest_route=%2Fwp%2Fv2%2Ftags&post=75992"}],"curies":[{"name":"wp","href":"https:\/\/api.w.org\/{rel}","templated":true}]}}